{"id":14632,"date":"2023-05-31T07:07:56","date_gmt":"2023-05-31T07:07:56","guid":{"rendered":"https:\/\/linas.lt\/?p=14632"},"modified":"2023-06-05T07:33:17","modified_gmt":"2023-06-05T07:33:17","slug":"member-of-european-flax-linen-and-hemp-alliance","status":"publish","type":"post","link":"https:\/\/linas.lt\/en\/member-of-european-flax-linen-and-hemp-alliance\/","title":{"rendered":"Member of European Flax-Linen and Hemp Alliance"},"content":{"rendered":"<p><span class=\"WdYUQQ\">We would like to remind you that company AB \u201cLinas\u201d is member of European Flax-Linen and Hemp Alliance and therefore all fabric and products produced in AB Linas are certificated with European flax. But do you know what advantage this certificate has?<\/span><\/p>\n<p><img loading=\"lazy\" decoding=\"async\" class=\"wp-image-14636 alignright\" src=\"https:\/\/linas.lt\/wp-content\/uploads\/2023\/05\/Untitled-design-16.jpg\" alt=\"\" width=\"306\" height=\"433\" srcset=\"https:\/\/linas.lt\/wp-content\/uploads\/2023\/05\/Untitled-design-16.jpg 1414w, https:\/\/linas.lt\/wp-content\/uploads\/2023\/05\/Untitled-design-16-212x300.jpg 212w, https:\/\/linas.lt\/wp-content\/uploads\/2023\/05\/Untitled-design-16-724x1024.jpg 724w, https:\/\/linas.lt\/wp-content\/uploads\/2023\/05\/Untitled-design-16-768x1086.jpg 768w, https:\/\/linas.lt\/wp-content\/uploads\/2023\/05\/Untitled-design-16-1086x1536.jpg 1086w\" sizes=\"auto, (max-width: 306px) 100vw, 306px\" \/><\/p>\n<h4 class=\"_04xlpA direction-ltr align-start para-style-body\"><strong><span class=\"WdYUQQ\">European Flax\u2122 is the answer to consumer expectations and CSR requirements:<\/span><\/strong><\/h4>\n<p>A production of the fibre that is respectful of the environment:<\/p>\n<ul>\n<li><span class=\"WdYUQQ\">No irrigation*<\/span><\/li>\n<li><span class=\"WdYUQQ\">No GMO seeds<\/span><\/li>\n<li><span class=\"WdYUQQ\">A local rotational crop: excellent head of rotation<\/span><\/li>\n<li><span class=\"WdYUQQ\">Low use of fertilisers and pesticides; no defoliants<\/span><\/li>\n<li><span class=\"WdYUQQ\">Natural dew retting in the field<\/span><\/li>\n<li><span class=\"WdYUQQ\">100% mechanical fibre production (scutching)<\/span><\/li>\n<li><span class=\"WdYUQQ\">ZERO WASTE fibre &#8211; all parts of the plant are used and valorised (fibre, shives, seed&#8230;)<br \/>\n<\/span>*Except in exceptional circumstances<\/li>\n<\/ul>\n<p class=\"_04xlpA direction-ltr align-start para-style-body\"><span class=\"WdYUQQ\">The Life cycle assessment (LCA) of the European Flax\u2122 scutched long fibre is already available (on https:\/\/news.europeanflax.com\/LCA\/)<\/span> <span class=\"WdYUQQ\">and in progress for the following transformation steps.<\/span><\/p>\n<h4 class=\"_04xlpA direction-ltr align-start para-style-body\"><strong><span class=\"WdYUQQ\">Social and Ethical Responsibility<\/span><\/strong><\/h4>\n<ul>\n<li><span class=\"WdYUQQ\">A fibre produced in compliance with the rules of the International Labour Office;<\/span><\/li>\n<li><span class=\"WdYUQQ\">A 100% vegetable and vegan fibre.<\/span><\/li>\n<\/ul>\n<h4 class=\"_04xlpA direction-ltr align-start para-style-body\"><strong><span class=\"WdYUQQ\">A fibre with proven performance<\/span><\/strong><\/h4>\n<p class=\"_04xlpA direction-ltr align-start para-style-body\"><span class=\"WdYUQQ\">Comfort, thermoregulation, moisture transfer, breathability.<\/span><\/p>\n<h4 class=\"_04xlpA direction-ltr align-start para-style-body\"><strong><span class=\"WdYUQQ\">European Flax\u2122 is the quality visa for premium European fibre flax for all markets.<\/span><\/strong><\/h4>\n<p class=\"_04xlpA direction-ltr align-start para-style-body\"><span class=\"WdYUQQ\">It preserves, promotes and supports a European agricultural and industrial exception, its territorial origin and non-relocatable know-how. It is an ambitious global brand which is intended to be identified by the end consumer.<\/span><\/p>\n<p class=\"_04xlpA direction-ltr align-start para-style-body\"><strong><span class=\"WdYUQQ\">The European Flax\u2122 certification guarantees a traceability<\/span><\/strong><span class=\"WdYUQQ\"> that is verified by an independent third-party organisation (certification body) for products made of pure linen or containing a minimum of 50% linen.<\/span><\/p>\n<p>More information and the linen journey from plant to fabric in the video below:<\/p>\n<p><iframe loading=\"lazy\" title=\"BE LINEN MOVIE 1 ENGLISH\" width=\"500\" height=\"281\" src=\"https:\/\/www.youtube.com\/embed\/fgAB4s5zLko?feature=oembed\" frameborder=\"0\" allow=\"accelerometer; autoplay; clipboard-write; encrypted-media; gyroscope; picture-in-picture; web-share\" referrerpolicy=\"strict-origin-when-cross-origin\" allowfullscreen><\/iframe><\/p>\n","protected":false},"excerpt":{"rendered":"<p>We would like to remind you that company AB \u201cLinas\u201d is member of European Flax-Linen and Hemp Alliance and therefore all fabric and products produced in AB Linas are certificated with European flax. But do you know what advantage this certificate has? European Flax\u2122 is the answer to consumer expectations and CSR requirements: A production [&hellip;]<\/p>\n","protected":false},"author":1,"featured_media":14633,"comment_status":"open","ping_status":"open","sticky":false,"template":"","format":"standard","meta":{"_acf_changed":false,"footnotes":""},"categories":[4],"tags":[],"class_list":["post-14632","post","type-post","status-publish","format-standard","has-post-thumbnail","hentry","category-uncategorized"],"acf":[],"yoast_head":"<!-- This site is optimized with the Yoast SEO plugin v25.8 - https:\/\/yoast.com\/wordpress\/plugins\/seo\/ -->\n<title>Member of European Flax-Linen and Hemp Alliance - linas.lt<\/title>\n<meta name=\"robots\" content=\"index, follow, max-snippet:-1, max-image-preview:large, max-video-preview:-1\" \/>\n<link rel=\"canonical\" href=\"https:\/\/linas.lt\/en\/member-of-european-flax-linen-and-hemp-alliance\/\" \/>\n<meta property=\"og:locale\" content=\"en_US\" \/>\n<meta property=\"og:type\" content=\"article\" \/>\n<meta property=\"og:title\" content=\"Member of European Flax-Linen and Hemp Alliance - linas.lt\" \/>\n<meta property=\"og:description\" content=\"We would like to remind you that company AB \u201cLinas\u201d is member of European Flax-Linen and Hemp Alliance and therefore all fabric and products produced in AB Linas are certificated with European flax. But do you know what advantage this certificate has? European Flax\u2122 is the answer to consumer expectations and CSR requirements: A production [&hellip;]\" \/>\n<meta property=\"og:url\" content=\"https:\/\/linas.lt\/en\/member-of-european-flax-linen-and-hemp-alliance\/\" \/>\n<meta property=\"og:site_name\" content=\"linas.lt\" \/>\n<meta property=\"article:published_time\" content=\"2023-05-31T07:07:56+00:00\" \/>\n<meta property=\"article:modified_time\" content=\"2023-06-05T07:33:17+00:00\" \/>\n<meta property=\"og:image\" content=\"https:\/\/linas.lt\/wp-content\/uploads\/2023\/05\/European-Flax-Linen-and-Hemp-Alliance.jpg\" \/>\n\t<meta property=\"og:image:width\" content=\"1920\" \/>\n\t<meta property=\"og:image:height\" content=\"1080\" \/>\n\t<meta property=\"og:image:type\" content=\"image\/jpeg\" \/>\n<meta name=\"author\" content=\"LoveLinen52\" \/>\n<meta name=\"twitter:card\" content=\"summary_large_image\" \/>\n<meta name=\"twitter:label1\" content=\"Written by\" \/>\n\t<meta name=\"twitter:data1\" content=\"LoveLinen52\" \/>\n\t<meta name=\"twitter:label2\" content=\"Est. reading time\" \/>\n\t<meta name=\"twitter:data2\" content=\"1 minute\" \/>\n<script type=\"application\/ld+json\" class=\"yoast-schema-graph\">{\"@context\":\"https:\/\/schema.org\",\"@graph\":[{\"@type\":\"WebPage\",\"@id\":\"https:\/\/linas.lt\/en\/member-of-european-flax-linen-and-hemp-alliance\/\",\"url\":\"https:\/\/linas.lt\/en\/member-of-european-flax-linen-and-hemp-alliance\/\",\"name\":\"Member of European Flax-Linen and Hemp Alliance - linas.lt\",\"isPartOf\":{\"@id\":\"https:\/\/linas.lt\/en\/#website\"},\"primaryImageOfPage\":{\"@id\":\"https:\/\/linas.lt\/en\/member-of-european-flax-linen-and-hemp-alliance\/#primaryimage\"},\"image\":{\"@id\":\"https:\/\/linas.lt\/en\/member-of-european-flax-linen-and-hemp-alliance\/#primaryimage\"},\"thumbnailUrl\":\"https:\/\/linas.lt\/wp-content\/uploads\/2023\/05\/European-Flax-Linen-and-Hemp-Alliance.jpg\",\"datePublished\":\"2023-05-31T07:07:56+00:00\",\"dateModified\":\"2023-06-05T07:33:17+00:00\",\"author\":{\"@id\":\"https:\/\/linas.lt\/en\/#\/schema\/person\/8d64fa3c68b113fe443f813fd349ebd8\"},\"breadcrumb\":{\"@id\":\"https:\/\/linas.lt\/en\/member-of-european-flax-linen-and-hemp-alliance\/#breadcrumb\"},\"inLanguage\":\"en-US\",\"potentialAction\":[{\"@type\":\"ReadAction\",\"target\":[\"https:\/\/linas.lt\/en\/member-of-european-flax-linen-and-hemp-alliance\/\"]}]},{\"@type\":\"ImageObject\",\"inLanguage\":\"en-US\",\"@id\":\"https:\/\/linas.lt\/en\/member-of-european-flax-linen-and-hemp-alliance\/#primaryimage\",\"url\":\"https:\/\/linas.lt\/wp-content\/uploads\/2023\/05\/European-Flax-Linen-and-Hemp-Alliance.jpg\",\"contentUrl\":\"https:\/\/linas.lt\/wp-content\/uploads\/2023\/05\/European-Flax-Linen-and-Hemp-Alliance.jpg\",\"width\":1920,\"height\":1080},{\"@type\":\"BreadcrumbList\",\"@id\":\"https:\/\/linas.lt\/en\/member-of-european-flax-linen-and-hemp-alliance\/#breadcrumb\",\"itemListElement\":[{\"@type\":\"ListItem\",\"position\":1,\"name\":\"Home\",\"item\":\"https:\/\/linas.lt\/en\/\"},{\"@type\":\"ListItem\",\"position\":2,\"name\":\"Member of European Flax-Linen and Hemp Alliance\"}]},{\"@type\":\"WebSite\",\"@id\":\"https:\/\/linas.lt\/en\/#website\",\"url\":\"https:\/\/linas.lt\/en\/\",\"name\":\"linas.lt\",\"description\":\"Viena did\u017eiausi\u0173 lin\u0173 tekstil\u0117s gamintoj\u0173 Lietuvoje ir Baltijos valstyb\u0117se. Gilios tradicijos, ilgamet\u0117 darbo patirtis puosel\u0117jama nuo 1957 m.\",\"potentialAction\":[{\"@type\":\"SearchAction\",\"target\":{\"@type\":\"EntryPoint\",\"urlTemplate\":\"https:\/\/linas.lt\/en\/?s={search_term_string}\"},\"query-input\":{\"@type\":\"PropertyValueSpecification\",\"valueRequired\":true,\"valueName\":\"search_term_string\"}}],\"inLanguage\":\"en-US\"},{\"@type\":\"Person\",\"@id\":\"https:\/\/linas.lt\/en\/#\/schema\/person\/8d64fa3c68b113fe443f813fd349ebd8\",\"name\":\"LoveLinen52\",\"image\":{\"@type\":\"ImageObject\",\"inLanguage\":\"en-US\",\"@id\":\"https:\/\/linas.lt\/en\/#\/schema\/person\/image\/\",\"url\":\"https:\/\/secure.gravatar.com\/avatar\/37324d36affb1914d2f0e264a79f8d9d936124c57634df6c84d5c212b7c82bbd?s=96&d=mm&r=g\",\"contentUrl\":\"https:\/\/secure.gravatar.com\/avatar\/37324d36affb1914d2f0e264a79f8d9d936124c57634df6c84d5c212b7c82bbd?s=96&d=mm&r=g\",\"caption\":\"LoveLinen52\"},\"sameAs\":[\"https:\/\/linas.lt\"]}]}<\/script>\n<!-- \/ Yoast SEO plugin. -->","yoast_head_json":{"title":"Member of European Flax-Linen and Hemp Alliance - linas.lt","robots":{"index":"index","follow":"follow","max-snippet":"max-snippet:-1","max-image-preview":"max-image-preview:large","max-video-preview":"max-video-preview:-1"},"canonical":"https:\/\/linas.lt\/en\/member-of-european-flax-linen-and-hemp-alliance\/","og_locale":"en_US","og_type":"article","og_title":"Member of European Flax-Linen and Hemp Alliance - linas.lt","og_description":"We would like to remind you that company AB \u201cLinas\u201d is member of European Flax-Linen and Hemp Alliance and therefore all fabric and products produced in AB Linas are certificated with European flax. But do you know what advantage this certificate has? European Flax\u2122 is the answer to consumer expectations and CSR requirements: A production [&hellip;]","og_url":"https:\/\/linas.lt\/en\/member-of-european-flax-linen-and-hemp-alliance\/","og_site_name":"linas.lt","article_published_time":"2023-05-31T07:07:56+00:00","article_modified_time":"2023-06-05T07:33:17+00:00","og_image":[{"width":1920,"height":1080,"url":"https:\/\/linas.lt\/wp-content\/uploads\/2023\/05\/European-Flax-Linen-and-Hemp-Alliance.jpg","type":"image\/jpeg"}],"author":"LoveLinen52","twitter_card":"summary_large_image","twitter_misc":{"Written by":"LoveLinen52","Est. reading time":"1 minute"},"schema":{"@context":"https:\/\/schema.org","@graph":[{"@type":"WebPage","@id":"https:\/\/linas.lt\/en\/member-of-european-flax-linen-and-hemp-alliance\/","url":"https:\/\/linas.lt\/en\/member-of-european-flax-linen-and-hemp-alliance\/","name":"Member of European Flax-Linen and Hemp Alliance - linas.lt","isPartOf":{"@id":"https:\/\/linas.lt\/en\/#website"},"primaryImageOfPage":{"@id":"https:\/\/linas.lt\/en\/member-of-european-flax-linen-and-hemp-alliance\/#primaryimage"},"image":{"@id":"https:\/\/linas.lt\/en\/member-of-european-flax-linen-and-hemp-alliance\/#primaryimage"},"thumbnailUrl":"https:\/\/linas.lt\/wp-content\/uploads\/2023\/05\/European-Flax-Linen-and-Hemp-Alliance.jpg","datePublished":"2023-05-31T07:07:56+00:00","dateModified":"2023-06-05T07:33:17+00:00","author":{"@id":"https:\/\/linas.lt\/en\/#\/schema\/person\/8d64fa3c68b113fe443f813fd349ebd8"},"breadcrumb":{"@id":"https:\/\/linas.lt\/en\/member-of-european-flax-linen-and-hemp-alliance\/#breadcrumb"},"inLanguage":"en-US","potentialAction":[{"@type":"ReadAction","target":["https:\/\/linas.lt\/en\/member-of-european-flax-linen-and-hemp-alliance\/"]}]},{"@type":"ImageObject","inLanguage":"en-US","@id":"https:\/\/linas.lt\/en\/member-of-european-flax-linen-and-hemp-alliance\/#primaryimage","url":"https:\/\/linas.lt\/wp-content\/uploads\/2023\/05\/European-Flax-Linen-and-Hemp-Alliance.jpg","contentUrl":"https:\/\/linas.lt\/wp-content\/uploads\/2023\/05\/European-Flax-Linen-and-Hemp-Alliance.jpg","width":1920,"height":1080},{"@type":"BreadcrumbList","@id":"https:\/\/linas.lt\/en\/member-of-european-flax-linen-and-hemp-alliance\/#breadcrumb","itemListElement":[{"@type":"ListItem","position":1,"name":"Home","item":"https:\/\/linas.lt\/en\/"},{"@type":"ListItem","position":2,"name":"Member of European Flax-Linen and Hemp Alliance"}]},{"@type":"WebSite","@id":"https:\/\/linas.lt\/en\/#website","url":"https:\/\/linas.lt\/en\/","name":"linas.lt","description":"Viena did\u017eiausi\u0173 lin\u0173 tekstil\u0117s gamintoj\u0173 Lietuvoje ir Baltijos valstyb\u0117se. Gilios tradicijos, ilgamet\u0117 darbo patirtis puosel\u0117jama nuo 1957 m.","potentialAction":[{"@type":"SearchAction","target":{"@type":"EntryPoint","urlTemplate":"https:\/\/linas.lt\/en\/?s={search_term_string}"},"query-input":{"@type":"PropertyValueSpecification","valueRequired":true,"valueName":"search_term_string"}}],"inLanguage":"en-US"},{"@type":"Person","@id":"https:\/\/linas.lt\/en\/#\/schema\/person\/8d64fa3c68b113fe443f813fd349ebd8","name":"LoveLinen52","image":{"@type":"ImageObject","inLanguage":"en-US","@id":"https:\/\/linas.lt\/en\/#\/schema\/person\/image\/","url":"https:\/\/secure.gravatar.com\/avatar\/37324d36affb1914d2f0e264a79f8d9d936124c57634df6c84d5c212b7c82bbd?s=96&d=mm&r=g","contentUrl":"https:\/\/secure.gravatar.com\/avatar\/37324d36affb1914d2f0e264a79f8d9d936124c57634df6c84d5c212b7c82bbd?s=96&d=mm&r=g","caption":"LoveLinen52"},"sameAs":["https:\/\/linas.lt"]}]}},"_links":{"self":[{"href":"https:\/\/linas.lt\/en\/wp-json\/wp\/v2\/posts\/14632","targetHints":{"allow":["GET"]}}],"collection":[{"href":"https:\/\/linas.lt\/en\/wp-json\/wp\/v2\/posts"}],"about":[{"href":"https:\/\/linas.lt\/en\/wp-json\/wp\/v2\/types\/post"}],"author":[{"embeddable":true,"href":"https:\/\/linas.lt\/en\/wp-json\/wp\/v2\/users\/1"}],"replies":[{"embeddable":true,"href":"https:\/\/linas.lt\/en\/wp-json\/wp\/v2\/comments?post=14632"}],"version-history":[{"count":5,"href":"https:\/\/linas.lt\/en\/wp-json\/wp\/v2\/posts\/14632\/revisions"}],"predecessor-version":[{"id":14653,"href":"https:\/\/linas.lt\/en\/wp-json\/wp\/v2\/posts\/14632\/revisions\/14653"}],"wp:featuredmedia":[{"embeddable":true,"href":"https:\/\/linas.lt\/en\/wp-json\/wp\/v2\/media\/14633"}],"wp:attachment":[{"href":"https:\/\/linas.lt\/en\/wp-json\/wp\/v2\/media?parent=14632"}],"wp:term":[{"taxonomy":"category","embeddable":true,"href":"https:\/\/linas.lt\/en\/wp-json\/wp\/v2\/categories?post=14632"},{"taxonomy":"post_tag","embeddable":true,"href":"https:\/\/linas.lt\/en\/wp-json\/wp\/v2\/tags?post=14632"}],"curies":[{"name":"wp","href":"https:\/\/api.w.org\/{rel}","templated":true}]}}