{"id":11511,"date":"2021-12-10T07:26:37","date_gmt":"2021-12-10T07:26:37","guid":{"rendered":"https:\/\/linas.lt\/?p=11511"},"modified":"2021-12-10T07:26:37","modified_gmt":"2021-12-10T07:26:37","slug":"re-used-tex","status":"publish","type":"post","link":"https:\/\/linas.lt\/fr\/re-used-tex\/","title":{"rendered":"RE-USED tex"},"content":{"rendered":"<p>2021.12.10<\/p>\n<p style=\"text-align: center;\">Nous nous sentons plus inspir\u00e9s que jamai pour d\u00e9velopper notre assortiment de \u00ab textiles verts \u00bb. Nous avons accept\u00e9 un nouveau d\u00e9fi pour l&rsquo;ann\u00e9e 2021. Nous visons \u00e0 changer l&rsquo;opinion sur ce qu&rsquo;est un d\u00e9chet et comment le recyclage peut devenir une nouvelle ressource. Divers r\u00e9sidus restent dans le processus de production &#8211; petites morceaux, lisi\u00e8res, etc., et notre objectif est de r\u00e9utiliser ces restes.<\/p>\n<p style=\"text-align: center;\"><a href=\"https:\/\/linas.lt\/wp-content\/uploads\/2021\/12\/RE-USED-FLAX-recycled-yarns.pdf\" target=\"_blank\" rel=\"noopener\"><strong><a href=\"https:\/\/linas.lt\/wp-content\/uploads\/2021\/12\/RE-USED-FLAX-recycled-yarns.pdf\" target=\"_blank\" rel=\"noopener\">Description compl\u00e8te en anglais<\/a><\/strong><\/a><\/p>\n<p><img loading=\"lazy\" decoding=\"async\" class=\"alignnone size-full wp-image-11502 aligncenter\" src=\"https:\/\/linas.lt\/wp-content\/uploads\/2021\/12\/Untitled.png\" alt=\"\" width=\"664\" height=\"442\" srcset=\"https:\/\/linas.lt\/wp-content\/uploads\/2021\/12\/Untitled.png 664w, https:\/\/linas.lt\/wp-content\/uploads\/2021\/12\/Untitled-300x200.png 300w\" sizes=\"auto, (max-width: 664px) 100vw, 664px\" \/><\/p>\n","protected":false},"excerpt":{"rendered":"<p>2021.12.10 Nous nous sentons plus inspir\u00e9s que jamai pour d\u00e9velopper notre assortiment de \u00ab textiles verts \u00bb. Nous avons accept\u00e9 un nouveau d\u00e9fi pour l&rsquo;ann\u00e9e 2021. Nous visons \u00e0 changer l&rsquo;opinion sur ce qu&rsquo;est un d\u00e9chet et comment le recyclage peut devenir une nouvelle ressource. Divers r\u00e9sidus restent dans le processus de production &#8211; petites [&hellip;]<\/p>\n","protected":false},"author":1,"featured_media":11508,"comment_status":"open","ping_status":"open","sticky":false,"template":"","format":"standard","meta":{"_acf_changed":false,"footnotes":""},"categories":[9],"tags":[],"class_list":["post-11511","post","type-post","status-publish","format-standard","has-post-thumbnail","hentry","category-non-classifiee"],"acf":[],"yoast_head":"<!-- This site is optimized with the Yoast SEO plugin v25.8 - https:\/\/yoast.com\/wordpress\/plugins\/seo\/ -->\n<title>RE-USED tex - linas.lt<\/title>\n<meta name=\"robots\" content=\"index, follow, max-snippet:-1, max-image-preview:large, max-video-preview:-1\" \/>\n<link rel=\"canonical\" href=\"https:\/\/linas.lt\/fr\/re-used-tex\/\" \/>\n<meta property=\"og:locale\" content=\"fr_FR\" \/>\n<meta property=\"og:type\" content=\"article\" \/>\n<meta property=\"og:title\" content=\"RE-USED tex - linas.lt\" \/>\n<meta property=\"og:description\" content=\"2021.12.10 Nous nous sentons plus inspir\u00e9s que jamai pour d\u00e9velopper notre assortiment de \u00ab textiles verts \u00bb. Nous avons accept\u00e9 un nouveau d\u00e9fi pour l&rsquo;ann\u00e9e 2021. Nous visons \u00e0 changer l&rsquo;opinion sur ce qu&rsquo;est un d\u00e9chet et comment le recyclage peut devenir une nouvelle ressource. Divers r\u00e9sidus restent dans le processus de production &#8211; petites [&hellip;]\" \/>\n<meta property=\"og:url\" content=\"https:\/\/linas.lt\/fr\/re-used-tex\/\" \/>\n<meta property=\"og:site_name\" content=\"linas.lt\" \/>\n<meta property=\"article:published_time\" content=\"2021-12-10T07:26:37+00:00\" \/>\n<meta property=\"og:image\" content=\"https:\/\/linas.lt\/wp-content\/uploads\/2021\/12\/31118-17-N-BELDA-685A-HA90-scaled.jpg\" \/>\n\t<meta property=\"og:image:width\" content=\"2560\" \/>\n\t<meta property=\"og:image:height\" content=\"1702\" \/>\n\t<meta property=\"og:image:type\" content=\"image\/jpeg\" \/>\n<meta name=\"author\" content=\"LoveLinen52\" \/>\n<meta name=\"twitter:card\" content=\"summary_large_image\" \/>\n<meta name=\"twitter:label1\" content=\"\u00c9crit par\" \/>\n\t<meta name=\"twitter:data1\" content=\"LoveLinen52\" \/>\n<script type=\"application\/ld+json\" class=\"yoast-schema-graph\">{\"@context\":\"https:\/\/schema.org\",\"@graph\":[{\"@type\":\"WebPage\",\"@id\":\"https:\/\/linas.lt\/fr\/re-used-tex\/\",\"url\":\"https:\/\/linas.lt\/fr\/re-used-tex\/\",\"name\":\"RE-USED tex - linas.lt\",\"isPartOf\":{\"@id\":\"https:\/\/linas.lt\/en\/#website\"},\"primaryImageOfPage\":{\"@id\":\"https:\/\/linas.lt\/fr\/re-used-tex\/#primaryimage\"},\"image\":{\"@id\":\"https:\/\/linas.lt\/fr\/re-used-tex\/#primaryimage\"},\"thumbnailUrl\":\"https:\/\/linas.lt\/wp-content\/uploads\/2021\/12\/31118-17-N-BELDA-685A-HA90-scaled.jpg\",\"datePublished\":\"2021-12-10T07:26:37+00:00\",\"author\":{\"@id\":\"https:\/\/linas.lt\/en\/#\/schema\/person\/8d64fa3c68b113fe443f813fd349ebd8\"},\"breadcrumb\":{\"@id\":\"https:\/\/linas.lt\/fr\/re-used-tex\/#breadcrumb\"},\"inLanguage\":\"fr-FR\",\"potentialAction\":[{\"@type\":\"ReadAction\",\"target\":[\"https:\/\/linas.lt\/fr\/re-used-tex\/\"]}]},{\"@type\":\"ImageObject\",\"inLanguage\":\"fr-FR\",\"@id\":\"https:\/\/linas.lt\/fr\/re-used-tex\/#primaryimage\",\"url\":\"https:\/\/linas.lt\/wp-content\/uploads\/2021\/12\/31118-17-N-BELDA-685A-HA90-scaled.jpg\",\"contentUrl\":\"https:\/\/linas.lt\/wp-content\/uploads\/2021\/12\/31118-17-N-BELDA-685A-HA90-scaled.jpg\",\"width\":2560,\"height\":1702},{\"@type\":\"BreadcrumbList\",\"@id\":\"https:\/\/linas.lt\/fr\/re-used-tex\/#breadcrumb\",\"itemListElement\":[{\"@type\":\"ListItem\",\"position\":1,\"name\":\"Home\",\"item\":\"https:\/\/linas.lt\/fr\/\"},{\"@type\":\"ListItem\",\"position\":2,\"name\":\"RE-USED tex\"}]},{\"@type\":\"WebSite\",\"@id\":\"https:\/\/linas.lt\/en\/#website\",\"url\":\"https:\/\/linas.lt\/en\/\",\"name\":\"linas.lt\",\"description\":\"Viena did\u017eiausi\u0173 lin\u0173 tekstil\u0117s gamintoj\u0173 Lietuvoje ir Baltijos valstyb\u0117se. Gilios tradicijos, ilgamet\u0117 darbo patirtis puosel\u0117jama nuo 1957 m.\",\"potentialAction\":[{\"@type\":\"SearchAction\",\"target\":{\"@type\":\"EntryPoint\",\"urlTemplate\":\"https:\/\/linas.lt\/en\/?s={search_term_string}\"},\"query-input\":{\"@type\":\"PropertyValueSpecification\",\"valueRequired\":true,\"valueName\":\"search_term_string\"}}],\"inLanguage\":\"fr-FR\"},{\"@type\":\"Person\",\"@id\":\"https:\/\/linas.lt\/en\/#\/schema\/person\/8d64fa3c68b113fe443f813fd349ebd8\",\"name\":\"LoveLinen52\",\"image\":{\"@type\":\"ImageObject\",\"inLanguage\":\"fr-FR\",\"@id\":\"https:\/\/linas.lt\/en\/#\/schema\/person\/image\/\",\"url\":\"https:\/\/secure.gravatar.com\/avatar\/37324d36affb1914d2f0e264a79f8d9d936124c57634df6c84d5c212b7c82bbd?s=96&d=mm&r=g\",\"contentUrl\":\"https:\/\/secure.gravatar.com\/avatar\/37324d36affb1914d2f0e264a79f8d9d936124c57634df6c84d5c212b7c82bbd?s=96&d=mm&r=g\",\"caption\":\"LoveLinen52\"},\"sameAs\":[\"https:\/\/linas.lt\"]}]}<\/script>\n<!-- \/ Yoast SEO plugin. -->","yoast_head_json":{"title":"RE-USED tex - linas.lt","robots":{"index":"index","follow":"follow","max-snippet":"max-snippet:-1","max-image-preview":"max-image-preview:large","max-video-preview":"max-video-preview:-1"},"canonical":"https:\/\/linas.lt\/fr\/re-used-tex\/","og_locale":"fr_FR","og_type":"article","og_title":"RE-USED tex - linas.lt","og_description":"2021.12.10 Nous nous sentons plus inspir\u00e9s que jamai pour d\u00e9velopper notre assortiment de \u00ab textiles verts \u00bb. Nous avons accept\u00e9 un nouveau d\u00e9fi pour l&rsquo;ann\u00e9e 2021. Nous visons \u00e0 changer l&rsquo;opinion sur ce qu&rsquo;est un d\u00e9chet et comment le recyclage peut devenir une nouvelle ressource. Divers r\u00e9sidus restent dans le processus de production &#8211; petites [&hellip;]","og_url":"https:\/\/linas.lt\/fr\/re-used-tex\/","og_site_name":"linas.lt","article_published_time":"2021-12-10T07:26:37+00:00","og_image":[{"width":2560,"height":1702,"url":"https:\/\/linas.lt\/wp-content\/uploads\/2021\/12\/31118-17-N-BELDA-685A-HA90-scaled.jpg","type":"image\/jpeg"}],"author":"LoveLinen52","twitter_card":"summary_large_image","twitter_misc":{"\u00c9crit par":"LoveLinen52"},"schema":{"@context":"https:\/\/schema.org","@graph":[{"@type":"WebPage","@id":"https:\/\/linas.lt\/fr\/re-used-tex\/","url":"https:\/\/linas.lt\/fr\/re-used-tex\/","name":"RE-USED tex - linas.lt","isPartOf":{"@id":"https:\/\/linas.lt\/en\/#website"},"primaryImageOfPage":{"@id":"https:\/\/linas.lt\/fr\/re-used-tex\/#primaryimage"},"image":{"@id":"https:\/\/linas.lt\/fr\/re-used-tex\/#primaryimage"},"thumbnailUrl":"https:\/\/linas.lt\/wp-content\/uploads\/2021\/12\/31118-17-N-BELDA-685A-HA90-scaled.jpg","datePublished":"2021-12-10T07:26:37+00:00","author":{"@id":"https:\/\/linas.lt\/en\/#\/schema\/person\/8d64fa3c68b113fe443f813fd349ebd8"},"breadcrumb":{"@id":"https:\/\/linas.lt\/fr\/re-used-tex\/#breadcrumb"},"inLanguage":"fr-FR","potentialAction":[{"@type":"ReadAction","target":["https:\/\/linas.lt\/fr\/re-used-tex\/"]}]},{"@type":"ImageObject","inLanguage":"fr-FR","@id":"https:\/\/linas.lt\/fr\/re-used-tex\/#primaryimage","url":"https:\/\/linas.lt\/wp-content\/uploads\/2021\/12\/31118-17-N-BELDA-685A-HA90-scaled.jpg","contentUrl":"https:\/\/linas.lt\/wp-content\/uploads\/2021\/12\/31118-17-N-BELDA-685A-HA90-scaled.jpg","width":2560,"height":1702},{"@type":"BreadcrumbList","@id":"https:\/\/linas.lt\/fr\/re-used-tex\/#breadcrumb","itemListElement":[{"@type":"ListItem","position":1,"name":"Home","item":"https:\/\/linas.lt\/fr\/"},{"@type":"ListItem","position":2,"name":"RE-USED tex"}]},{"@type":"WebSite","@id":"https:\/\/linas.lt\/en\/#website","url":"https:\/\/linas.lt\/en\/","name":"linas.lt","description":"Viena did\u017eiausi\u0173 lin\u0173 tekstil\u0117s gamintoj\u0173 Lietuvoje ir Baltijos valstyb\u0117se. Gilios tradicijos, ilgamet\u0117 darbo patirtis puosel\u0117jama nuo 1957 m.","potentialAction":[{"@type":"SearchAction","target":{"@type":"EntryPoint","urlTemplate":"https:\/\/linas.lt\/en\/?s={search_term_string}"},"query-input":{"@type":"PropertyValueSpecification","valueRequired":true,"valueName":"search_term_string"}}],"inLanguage":"fr-FR"},{"@type":"Person","@id":"https:\/\/linas.lt\/en\/#\/schema\/person\/8d64fa3c68b113fe443f813fd349ebd8","name":"LoveLinen52","image":{"@type":"ImageObject","inLanguage":"fr-FR","@id":"https:\/\/linas.lt\/en\/#\/schema\/person\/image\/","url":"https:\/\/secure.gravatar.com\/avatar\/37324d36affb1914d2f0e264a79f8d9d936124c57634df6c84d5c212b7c82bbd?s=96&d=mm&r=g","contentUrl":"https:\/\/secure.gravatar.com\/avatar\/37324d36affb1914d2f0e264a79f8d9d936124c57634df6c84d5c212b7c82bbd?s=96&d=mm&r=g","caption":"LoveLinen52"},"sameAs":["https:\/\/linas.lt"]}]}},"_links":{"self":[{"href":"https:\/\/linas.lt\/fr\/wp-json\/wp\/v2\/posts\/11511","targetHints":{"allow":["GET"]}}],"collection":[{"href":"https:\/\/linas.lt\/fr\/wp-json\/wp\/v2\/posts"}],"about":[{"href":"https:\/\/linas.lt\/fr\/wp-json\/wp\/v2\/types\/post"}],"author":[{"embeddable":true,"href":"https:\/\/linas.lt\/fr\/wp-json\/wp\/v2\/users\/1"}],"replies":[{"embeddable":true,"href":"https:\/\/linas.lt\/fr\/wp-json\/wp\/v2\/comments?post=11511"}],"version-history":[{"count":1,"href":"https:\/\/linas.lt\/fr\/wp-json\/wp\/v2\/posts\/11511\/revisions"}],"predecessor-version":[{"id":11512,"href":"https:\/\/linas.lt\/fr\/wp-json\/wp\/v2\/posts\/11511\/revisions\/11512"}],"wp:featuredmedia":[{"embeddable":true,"href":"https:\/\/linas.lt\/fr\/wp-json\/wp\/v2\/media\/11508"}],"wp:attachment":[{"href":"https:\/\/linas.lt\/fr\/wp-json\/wp\/v2\/media?parent=11511"}],"wp:term":[{"taxonomy":"category","embeddable":true,"href":"https:\/\/linas.lt\/fr\/wp-json\/wp\/v2\/categories?post=11511"},{"taxonomy":"post_tag","embeddable":true,"href":"https:\/\/linas.lt\/fr\/wp-json\/wp\/v2\/tags?post=11511"}],"curies":[{"name":"wp","href":"https:\/\/api.w.org\/{rel}","templated":true}]}}