{"id":14645,"date":"2023-06-01T07:34:45","date_gmt":"2023-06-01T07:34:45","guid":{"rendered":"https:\/\/linas.lt\/?p=14645"},"modified":"2023-06-05T07:33:49","modified_gmt":"2023-06-05T07:33:49","slug":"membre-de-lalliance-europeenne-lin-lin-et-chanvre","status":"publish","type":"post","link":"https:\/\/linas.lt\/fr\/membre-de-lalliance-europeenne-lin-lin-et-chanvre\/","title":{"rendered":"Membre de l&rsquo;Alliance Europ\u00e9enne Lin-Lin et Chanvre"},"content":{"rendered":"<p>Nous tenons \u00e0 vous rappeler que la soci\u00e9t\u00e9 AB \u00ab\u00a0Linas\u00a0\u00bb est membre de l&rsquo;Alliance europ\u00e9enne Lin-Lin et Chanvre et que, par cons\u00e9quent, tous les tissus et produits fabriqu\u00e9s \u00e0 AB Linas sont certifi\u00e9s avec du lin europ\u00e9en. Mais savez-vous quel avantage ce certificat a?<img loading=\"lazy\" decoding=\"async\" class=\" wp-image-14636 alignright\" src=\"https:\/\/linas.lt\/wp-content\/uploads\/2023\/05\/Untitled-design-16.jpg\" alt=\"\" width=\"366\" height=\"517\" srcset=\"https:\/\/linas.lt\/wp-content\/uploads\/2023\/05\/Untitled-design-16.jpg 1414w, https:\/\/linas.lt\/wp-content\/uploads\/2023\/05\/Untitled-design-16-212x300.jpg 212w, https:\/\/linas.lt\/wp-content\/uploads\/2023\/05\/Untitled-design-16-724x1024.jpg 724w, https:\/\/linas.lt\/wp-content\/uploads\/2023\/05\/Untitled-design-16-768x1086.jpg 768w, https:\/\/linas.lt\/wp-content\/uploads\/2023\/05\/Untitled-design-16-1086x1536.jpg 1086w\" sizes=\"auto, (max-width: 366px) 100vw, 366px\" \/><\/p>\n<p>European Flax\u2122 est la r\u00e9ponse aux attentes des consommateurs et aux exigences RSE :<br \/>\nUne production de la fibre respectueuse de l&rsquo;environnement :<\/p>\n<p>Pas d&rsquo;arrosage*<br \/>\nPas de graines OGM<br \/>\nUne rotation locale : excellente t\u00eate de rotation<br \/>\nFaible utilisation d&rsquo;engrais et de pesticides\u00a0; pas de d\u00e9foliants<br \/>\nRouissage naturel \u00e0 la ros\u00e9e sur le terrain<br \/>\nProduction de fibres 100% m\u00e9canique (teillage)<br \/>\nFibre ZERO WASTE \u2013 toutes les parties de la plante sont utilis\u00e9es et valoris\u00e9es (fibre, anas, graine\u2026)<br \/>\n*Sauf circonstances exceptionnelles<br \/>\nL&rsquo;Analyse du Cycle de Vie (ACV) de la fibre longue teint\u00e9e European Flax\u2122 est d\u00e9j\u00e0 disponible (sur https:\/\/news.europeanflax.com\/LCA\/) et en cours pour les \u00e9tapes de transformation suivantes.<\/p>\n<p>Responsabilit\u00e9 sociale et \u00e9thique<br \/>\nUne fibre produite dans le respect des r\u00e8gles du Bureau International du Travail ;<br \/>\nUne fibre 100% v\u00e9g\u00e9tale et vegan.<br \/>\nUne fibre aux performances \u00e9prouv\u00e9es<br \/>\nConfort, thermor\u00e9gulation, transfert d&rsquo;humidit\u00e9, respirabilit\u00e9.<\/p>\n<p>European Flax\u2122 est le visa de qualit\u00e9 pour le lin fibre europ\u00e9en de premi\u00e8re qualit\u00e9 pour tous les march\u00e9s.<br \/>\nElle pr\u00e9serve, promeut et soutient une exception agricole et industrielle europ\u00e9enne, son origine territoriale et des savoir-faire non d\u00e9localisables. C&rsquo;est une marque mondiale ambitieuse qui se veut identifiable par le consommateur final.<\/p>\n<p>La certification European Flax\u2122 garantit une tra\u00e7abilit\u00e9 v\u00e9rifi\u00e9e par un organisme tiers ind\u00e9pendant (organisme certificateur) pour les produits en pur lin ou contenant au minimum 50% de lin.<\/p>\n<p>Plus d&rsquo;informations et le parcours du lin de la plante au tissu dans la vid\u00e9o ci-dessous:<\/p>\n<p><iframe loading=\"lazy\" title=\"BE LINEN MOVIE 1 ENGLISH\" width=\"500\" height=\"281\" src=\"https:\/\/www.youtube.com\/embed\/fgAB4s5zLko?feature=oembed\" frameborder=\"0\" allow=\"accelerometer; autoplay; clipboard-write; encrypted-media; gyroscope; picture-in-picture; web-share\" referrerpolicy=\"strict-origin-when-cross-origin\" allowfullscreen><\/iframe><\/p>\n","protected":false},"excerpt":{"rendered":"<p>Nous tenons \u00e0 vous rappeler que la soci\u00e9t\u00e9 AB \u00ab\u00a0Linas\u00a0\u00bb est membre de l&rsquo;Alliance europ\u00e9enne Lin-Lin et Chanvre et que, par cons\u00e9quent, tous les tissus et produits fabriqu\u00e9s \u00e0 AB Linas sont certifi\u00e9s avec du lin europ\u00e9en. Mais savez-vous quel avantage ce certificat a? European Flax\u2122 est la r\u00e9ponse aux attentes des consommateurs et aux [&hellip;]<\/p>\n","protected":false},"author":1,"featured_media":14634,"comment_status":"open","ping_status":"open","sticky":false,"template":"","format":"standard","meta":{"_acf_changed":false,"footnotes":""},"categories":[9],"tags":[],"class_list":["post-14645","post","type-post","status-publish","format-standard","has-post-thumbnail","hentry","category-non-classifiee"],"acf":[],"yoast_head":"<!-- This site is optimized with the Yoast SEO plugin v25.8 - https:\/\/yoast.com\/wordpress\/plugins\/seo\/ -->\n<title>Membre de l&#039;Alliance Europ\u00e9enne Lin-Lin et Chanvre - linas.lt<\/title>\n<meta name=\"robots\" content=\"index, follow, max-snippet:-1, max-image-preview:large, max-video-preview:-1\" \/>\n<link rel=\"canonical\" href=\"https:\/\/linas.lt\/fr\/membre-de-lalliance-europeenne-lin-lin-et-chanvre\/\" \/>\n<meta property=\"og:locale\" content=\"fr_FR\" \/>\n<meta property=\"og:type\" content=\"article\" \/>\n<meta property=\"og:title\" content=\"Membre de l&#039;Alliance Europ\u00e9enne Lin-Lin et Chanvre - linas.lt\" \/>\n<meta property=\"og:description\" content=\"Nous tenons \u00e0 vous rappeler que la soci\u00e9t\u00e9 AB \u00ab\u00a0Linas\u00a0\u00bb est membre de l&rsquo;Alliance europ\u00e9enne Lin-Lin et Chanvre et que, par cons\u00e9quent, tous les tissus et produits fabriqu\u00e9s \u00e0 AB Linas sont certifi\u00e9s avec du lin europ\u00e9en. Mais savez-vous quel avantage ce certificat a? European Flax\u2122 est la r\u00e9ponse aux attentes des consommateurs et aux [&hellip;]\" \/>\n<meta property=\"og:url\" content=\"https:\/\/linas.lt\/fr\/membre-de-lalliance-europeenne-lin-lin-et-chanvre\/\" \/>\n<meta property=\"og:site_name\" content=\"linas.lt\" \/>\n<meta property=\"article:published_time\" content=\"2023-06-01T07:34:45+00:00\" \/>\n<meta property=\"article:modified_time\" content=\"2023-06-05T07:33:49+00:00\" \/>\n<meta property=\"og:image\" content=\"https:\/\/linas.lt\/wp-content\/uploads\/2023\/05\/European-Flax-Linen-and-Hemp-Alliance.jpg\" \/>\n\t<meta property=\"og:image:width\" content=\"1920\" \/>\n\t<meta property=\"og:image:height\" content=\"1080\" \/>\n\t<meta property=\"og:image:type\" content=\"image\/jpeg\" \/>\n<meta name=\"author\" content=\"LoveLinen52\" \/>\n<meta name=\"twitter:card\" content=\"summary_large_image\" \/>\n<meta name=\"twitter:label1\" content=\"\u00c9crit par\" \/>\n\t<meta name=\"twitter:data1\" content=\"LoveLinen52\" \/>\n\t<meta name=\"twitter:label2\" content=\"Dur\u00e9e de lecture estim\u00e9e\" \/>\n\t<meta name=\"twitter:data2\" content=\"2 minutes\" \/>\n<script type=\"application\/ld+json\" class=\"yoast-schema-graph\">{\"@context\":\"https:\/\/schema.org\",\"@graph\":[{\"@type\":\"WebPage\",\"@id\":\"https:\/\/linas.lt\/fr\/membre-de-lalliance-europeenne-lin-lin-et-chanvre\/\",\"url\":\"https:\/\/linas.lt\/fr\/membre-de-lalliance-europeenne-lin-lin-et-chanvre\/\",\"name\":\"Membre de l'Alliance Europ\u00e9enne Lin-Lin et Chanvre - linas.lt\",\"isPartOf\":{\"@id\":\"https:\/\/linas.lt\/en\/#website\"},\"primaryImageOfPage\":{\"@id\":\"https:\/\/linas.lt\/fr\/membre-de-lalliance-europeenne-lin-lin-et-chanvre\/#primaryimage\"},\"image\":{\"@id\":\"https:\/\/linas.lt\/fr\/membre-de-lalliance-europeenne-lin-lin-et-chanvre\/#primaryimage\"},\"thumbnailUrl\":\"https:\/\/linas.lt\/wp-content\/uploads\/2023\/05\/European-Flax-Linen-and-Hemp-Alliance.jpg\",\"datePublished\":\"2023-06-01T07:34:45+00:00\",\"dateModified\":\"2023-06-05T07:33:49+00:00\",\"author\":{\"@id\":\"https:\/\/linas.lt\/en\/#\/schema\/person\/8d64fa3c68b113fe443f813fd349ebd8\"},\"breadcrumb\":{\"@id\":\"https:\/\/linas.lt\/fr\/membre-de-lalliance-europeenne-lin-lin-et-chanvre\/#breadcrumb\"},\"inLanguage\":\"fr-FR\",\"potentialAction\":[{\"@type\":\"ReadAction\",\"target\":[\"https:\/\/linas.lt\/fr\/membre-de-lalliance-europeenne-lin-lin-et-chanvre\/\"]}]},{\"@type\":\"ImageObject\",\"inLanguage\":\"fr-FR\",\"@id\":\"https:\/\/linas.lt\/fr\/membre-de-lalliance-europeenne-lin-lin-et-chanvre\/#primaryimage\",\"url\":\"https:\/\/linas.lt\/wp-content\/uploads\/2023\/05\/European-Flax-Linen-and-Hemp-Alliance.jpg\",\"contentUrl\":\"https:\/\/linas.lt\/wp-content\/uploads\/2023\/05\/European-Flax-Linen-and-Hemp-Alliance.jpg\",\"width\":1920,\"height\":1080},{\"@type\":\"BreadcrumbList\",\"@id\":\"https:\/\/linas.lt\/fr\/membre-de-lalliance-europeenne-lin-lin-et-chanvre\/#breadcrumb\",\"itemListElement\":[{\"@type\":\"ListItem\",\"position\":1,\"name\":\"Home\",\"item\":\"https:\/\/linas.lt\/fr\/\"},{\"@type\":\"ListItem\",\"position\":2,\"name\":\"Membre de l&#8217;Alliance Europ\u00e9enne Lin-Lin et Chanvre\"}]},{\"@type\":\"WebSite\",\"@id\":\"https:\/\/linas.lt\/en\/#website\",\"url\":\"https:\/\/linas.lt\/en\/\",\"name\":\"linas.lt\",\"description\":\"Viena did\u017eiausi\u0173 lin\u0173 tekstil\u0117s gamintoj\u0173 Lietuvoje ir Baltijos valstyb\u0117se. Gilios tradicijos, ilgamet\u0117 darbo patirtis puosel\u0117jama nuo 1957 m.\",\"potentialAction\":[{\"@type\":\"SearchAction\",\"target\":{\"@type\":\"EntryPoint\",\"urlTemplate\":\"https:\/\/linas.lt\/en\/?s={search_term_string}\"},\"query-input\":{\"@type\":\"PropertyValueSpecification\",\"valueRequired\":true,\"valueName\":\"search_term_string\"}}],\"inLanguage\":\"fr-FR\"},{\"@type\":\"Person\",\"@id\":\"https:\/\/linas.lt\/en\/#\/schema\/person\/8d64fa3c68b113fe443f813fd349ebd8\",\"name\":\"LoveLinen52\",\"image\":{\"@type\":\"ImageObject\",\"inLanguage\":\"fr-FR\",\"@id\":\"https:\/\/linas.lt\/en\/#\/schema\/person\/image\/\",\"url\":\"https:\/\/secure.gravatar.com\/avatar\/37324d36affb1914d2f0e264a79f8d9d936124c57634df6c84d5c212b7c82bbd?s=96&d=mm&r=g\",\"contentUrl\":\"https:\/\/secure.gravatar.com\/avatar\/37324d36affb1914d2f0e264a79f8d9d936124c57634df6c84d5c212b7c82bbd?s=96&d=mm&r=g\",\"caption\":\"LoveLinen52\"},\"sameAs\":[\"https:\/\/linas.lt\"]}]}<\/script>\n<!-- \/ Yoast SEO plugin. -->","yoast_head_json":{"title":"Membre de l'Alliance Europ\u00e9enne Lin-Lin et Chanvre - linas.lt","robots":{"index":"index","follow":"follow","max-snippet":"max-snippet:-1","max-image-preview":"max-image-preview:large","max-video-preview":"max-video-preview:-1"},"canonical":"https:\/\/linas.lt\/fr\/membre-de-lalliance-europeenne-lin-lin-et-chanvre\/","og_locale":"fr_FR","og_type":"article","og_title":"Membre de l'Alliance Europ\u00e9enne Lin-Lin et Chanvre - linas.lt","og_description":"Nous tenons \u00e0 vous rappeler que la soci\u00e9t\u00e9 AB \u00ab\u00a0Linas\u00a0\u00bb est membre de l&rsquo;Alliance europ\u00e9enne Lin-Lin et Chanvre et que, par cons\u00e9quent, tous les tissus et produits fabriqu\u00e9s \u00e0 AB Linas sont certifi\u00e9s avec du lin europ\u00e9en. Mais savez-vous quel avantage ce certificat a? European Flax\u2122 est la r\u00e9ponse aux attentes des consommateurs et aux [&hellip;]","og_url":"https:\/\/linas.lt\/fr\/membre-de-lalliance-europeenne-lin-lin-et-chanvre\/","og_site_name":"linas.lt","article_published_time":"2023-06-01T07:34:45+00:00","article_modified_time":"2023-06-05T07:33:49+00:00","og_image":[{"width":1920,"height":1080,"url":"https:\/\/linas.lt\/wp-content\/uploads\/2023\/05\/European-Flax-Linen-and-Hemp-Alliance.jpg","type":"image\/jpeg"}],"author":"LoveLinen52","twitter_card":"summary_large_image","twitter_misc":{"\u00c9crit par":"LoveLinen52","Dur\u00e9e de lecture estim\u00e9e":"2 minutes"},"schema":{"@context":"https:\/\/schema.org","@graph":[{"@type":"WebPage","@id":"https:\/\/linas.lt\/fr\/membre-de-lalliance-europeenne-lin-lin-et-chanvre\/","url":"https:\/\/linas.lt\/fr\/membre-de-lalliance-europeenne-lin-lin-et-chanvre\/","name":"Membre de l'Alliance Europ\u00e9enne Lin-Lin et Chanvre - linas.lt","isPartOf":{"@id":"https:\/\/linas.lt\/en\/#website"},"primaryImageOfPage":{"@id":"https:\/\/linas.lt\/fr\/membre-de-lalliance-europeenne-lin-lin-et-chanvre\/#primaryimage"},"image":{"@id":"https:\/\/linas.lt\/fr\/membre-de-lalliance-europeenne-lin-lin-et-chanvre\/#primaryimage"},"thumbnailUrl":"https:\/\/linas.lt\/wp-content\/uploads\/2023\/05\/European-Flax-Linen-and-Hemp-Alliance.jpg","datePublished":"2023-06-01T07:34:45+00:00","dateModified":"2023-06-05T07:33:49+00:00","author":{"@id":"https:\/\/linas.lt\/en\/#\/schema\/person\/8d64fa3c68b113fe443f813fd349ebd8"},"breadcrumb":{"@id":"https:\/\/linas.lt\/fr\/membre-de-lalliance-europeenne-lin-lin-et-chanvre\/#breadcrumb"},"inLanguage":"fr-FR","potentialAction":[{"@type":"ReadAction","target":["https:\/\/linas.lt\/fr\/membre-de-lalliance-europeenne-lin-lin-et-chanvre\/"]}]},{"@type":"ImageObject","inLanguage":"fr-FR","@id":"https:\/\/linas.lt\/fr\/membre-de-lalliance-europeenne-lin-lin-et-chanvre\/#primaryimage","url":"https:\/\/linas.lt\/wp-content\/uploads\/2023\/05\/European-Flax-Linen-and-Hemp-Alliance.jpg","contentUrl":"https:\/\/linas.lt\/wp-content\/uploads\/2023\/05\/European-Flax-Linen-and-Hemp-Alliance.jpg","width":1920,"height":1080},{"@type":"BreadcrumbList","@id":"https:\/\/linas.lt\/fr\/membre-de-lalliance-europeenne-lin-lin-et-chanvre\/#breadcrumb","itemListElement":[{"@type":"ListItem","position":1,"name":"Home","item":"https:\/\/linas.lt\/fr\/"},{"@type":"ListItem","position":2,"name":"Membre de l&#8217;Alliance Europ\u00e9enne Lin-Lin et Chanvre"}]},{"@type":"WebSite","@id":"https:\/\/linas.lt\/en\/#website","url":"https:\/\/linas.lt\/en\/","name":"linas.lt","description":"Viena did\u017eiausi\u0173 lin\u0173 tekstil\u0117s gamintoj\u0173 Lietuvoje ir Baltijos valstyb\u0117se. Gilios tradicijos, ilgamet\u0117 darbo patirtis puosel\u0117jama nuo 1957 m.","potentialAction":[{"@type":"SearchAction","target":{"@type":"EntryPoint","urlTemplate":"https:\/\/linas.lt\/en\/?s={search_term_string}"},"query-input":{"@type":"PropertyValueSpecification","valueRequired":true,"valueName":"search_term_string"}}],"inLanguage":"fr-FR"},{"@type":"Person","@id":"https:\/\/linas.lt\/en\/#\/schema\/person\/8d64fa3c68b113fe443f813fd349ebd8","name":"LoveLinen52","image":{"@type":"ImageObject","inLanguage":"fr-FR","@id":"https:\/\/linas.lt\/en\/#\/schema\/person\/image\/","url":"https:\/\/secure.gravatar.com\/avatar\/37324d36affb1914d2f0e264a79f8d9d936124c57634df6c84d5c212b7c82bbd?s=96&d=mm&r=g","contentUrl":"https:\/\/secure.gravatar.com\/avatar\/37324d36affb1914d2f0e264a79f8d9d936124c57634df6c84d5c212b7c82bbd?s=96&d=mm&r=g","caption":"LoveLinen52"},"sameAs":["https:\/\/linas.lt"]}]}},"_links":{"self":[{"href":"https:\/\/linas.lt\/fr\/wp-json\/wp\/v2\/posts\/14645","targetHints":{"allow":["GET"]}}],"collection":[{"href":"https:\/\/linas.lt\/fr\/wp-json\/wp\/v2\/posts"}],"about":[{"href":"https:\/\/linas.lt\/fr\/wp-json\/wp\/v2\/types\/post"}],"author":[{"embeddable":true,"href":"https:\/\/linas.lt\/fr\/wp-json\/wp\/v2\/users\/1"}],"replies":[{"embeddable":true,"href":"https:\/\/linas.lt\/fr\/wp-json\/wp\/v2\/comments?post=14645"}],"version-history":[{"count":2,"href":"https:\/\/linas.lt\/fr\/wp-json\/wp\/v2\/posts\/14645\/revisions"}],"predecessor-version":[{"id":14654,"href":"https:\/\/linas.lt\/fr\/wp-json\/wp\/v2\/posts\/14645\/revisions\/14654"}],"wp:featuredmedia":[{"embeddable":true,"href":"https:\/\/linas.lt\/fr\/wp-json\/wp\/v2\/media\/14634"}],"wp:attachment":[{"href":"https:\/\/linas.lt\/fr\/wp-json\/wp\/v2\/media?parent=14645"}],"wp:term":[{"taxonomy":"category","embeddable":true,"href":"https:\/\/linas.lt\/fr\/wp-json\/wp\/v2\/categories?post=14645"},{"taxonomy":"post_tag","embeddable":true,"href":"https:\/\/linas.lt\/fr\/wp-json\/wp\/v2\/tags?post=14645"}],"curies":[{"name":"wp","href":"https:\/\/api.w.org\/{rel}","templated":true}]}}